{"id":393,"date":"2026-04-27T18:44:13","date_gmt":"2026-04-27T16:44:13","guid":{"rendered":"https:\/\/elinfoexpress.com\/?p=393"},"modified":"2026-04-27T18:44:13","modified_gmt":"2026-04-27T16:44:13","slug":"rescatan-a-siete-personas-atrapadas-en-elevador-en-monterrey","status":"publish","type":"post","link":"https:\/\/elinfoexpress.com\/index.php\/2026\/04\/27\/rescatan-a-siete-personas-atrapadas-en-elevador-en-monterrey\/","title":{"rendered":"Rescatan a siete personas atrapadas en elevador en\u00a0Monterrey"},"content":{"rendered":"\n<h2 class=\"wp-block-heading\">Falla el\u00e9ctrica provoca incidente en plaza comercial<\/h2>\n\n\n\n<p>Siete personas fueron rescatadas luego de quedar atrapadas al interior de un elevador en una plaza comercial de la colonia Obrera. El incidente habr\u00eda sido provocado por una falla derivada de la interrupci\u00f3n del servicio el\u00e9ctrico en la zona.<\/p>\n\n\n\n<h3 class=\"wp-block-heading\">Coordinan rescate tras casi una hora de encierro<\/h3>\n\n\n\n<p>De acuerdo con&nbsp;Protecci\u00f3n Civil de Nuevo Le\u00f3n, el reporte se atendi\u00f3 en coordinaci\u00f3n con personal del inmueble, quienes contaban con una llave de acceso. Posteriormente, se logr\u00f3 reiniciar el sistema, permitiendo la apertura del elevador y la liberaci\u00f3n de los afectados.<\/p>\n\n\n\n<h2 class=\"wp-block-heading\">Sin lesionados tras la emergencia<\/h2>\n\n\n\n<p>Las siete personas permanecieron atrapadas entre 50 minutos y una hora. A pesar del tiempo de encierro, todos salieron por su propio pie, conscientes y sin presentar lesiones, manteniendo la calma durante la situaci\u00f3n.<\/p>\n","protected":false},"excerpt":{"rendered":"<p>Falla el\u00e9ctrica provoca incidente en plaza comercial Siete personas fueron rescatadas luego de quedar atrapadas al interior de un elevador en una plaza comercial de la colonia Obrera. El incidente habr\u00eda sido provocado por una falla derivada de la interrupci\u00f3n del servicio el\u00e9ctrico en la zona. Coordinan rescate tras casi una hora de encierro De [&hellip;]<\/p>\n","protected":false},"author":2,"featured_media":394,"comment_status":"open","ping_status":"open","sticky":false,"template":"","format":"standard","meta":{"footnotes":""},"categories":[2],"tags":[198,27],"yoast_head":"<!-- This site is optimized with the Yoast SEO plugin v22.4 - https:\/\/yoast.com\/wordpress\/plugins\/seo\/ -->\n<title>Rescatan a siete personas atrapadas en elevador en\u00a0Monterrey - El Info Express<\/title>\n<meta name=\"description\" content=\"Rescatan a siete personas atrapadas en un elevador en Monterrey tras falla el\u00e9ctrica; no hubo lesionados.\" \/>\n<meta name=\"robots\" content=\"index, follow, max-snippet:-1, max-image-preview:large, max-video-preview:-1\" \/>\n<link rel=\"canonical\" href=\"https:\/\/elinfoexpress.com\/index.php\/2026\/04\/27\/rescatan-a-siete-personas-atrapadas-en-elevador-en-monterrey\/\" \/>\n<meta property=\"og:locale\" content=\"en_US\" \/>\n<meta property=\"og:type\" content=\"article\" \/>\n<meta property=\"og:title\" content=\"Rescatan a siete personas atrapadas en elevador en\u00a0Monterrey - El Info Express\" \/>\n<meta property=\"og:description\" content=\"Rescatan a siete personas atrapadas en un elevador en Monterrey tras falla el\u00e9ctrica; no hubo lesionados.\" \/>\n<meta property=\"og:url\" content=\"https:\/\/elinfoexpress.com\/index.php\/2026\/04\/27\/rescatan-a-siete-personas-atrapadas-en-elevador-en-monterrey\/\" \/>\n<meta property=\"og:site_name\" content=\"El Info Express\" \/>\n<meta property=\"article:published_time\" content=\"2026-04-27T16:44:13+00:00\" \/>\n<meta property=\"og:image\" content=\"http:\/\/elinfoexpress.com\/wp-content\/uploads\/2026\/04\/Portadas-Medios-16.png\" \/>\n\t<meta property=\"og:image:width\" content=\"1000\" \/>\n\t<meta property=\"og:image:height\" content=\"550\" \/>\n\t<meta property=\"og:image:type\" content=\"image\/png\" \/>\n<meta name=\"author\" content=\"Juan Estrada\" \/>\n<meta name=\"twitter:card\" content=\"summary_large_image\" \/>\n<meta name=\"twitter:label1\" content=\"Written by\" \/>\n\t<meta name=\"twitter:data1\" content=\"Juan Estrada\" \/>\n\t<meta name=\"twitter:label2\" content=\"Est. reading time\" \/>\n\t<meta name=\"twitter:data2\" content=\"1 minute\" \/>\n<script type=\"application\/ld+json\" class=\"yoast-schema-graph\">{\"@context\":\"https:\/\/schema.org\",\"@graph\":[{\"@type\":\"WebPage\",\"@id\":\"https:\/\/elinfoexpress.com\/index.php\/2026\/04\/27\/rescatan-a-siete-personas-atrapadas-en-elevador-en-monterrey\/\",\"url\":\"https:\/\/elinfoexpress.com\/index.php\/2026\/04\/27\/rescatan-a-siete-personas-atrapadas-en-elevador-en-monterrey\/\",\"name\":\"Rescatan a siete personas atrapadas en elevador en\u00a0Monterrey - El Info Express\",\"isPartOf\":{\"@id\":\"https:\/\/elinfoexpress.com\/#website\"},\"primaryImageOfPage\":{\"@id\":\"https:\/\/elinfoexpress.com\/index.php\/2026\/04\/27\/rescatan-a-siete-personas-atrapadas-en-elevador-en-monterrey\/#primaryimage\"},\"image\":{\"@id\":\"https:\/\/elinfoexpress.com\/index.php\/2026\/04\/27\/rescatan-a-siete-personas-atrapadas-en-elevador-en-monterrey\/#primaryimage\"},\"thumbnailUrl\":\"https:\/\/elinfoexpress.com\/wp-content\/uploads\/2026\/04\/Portadas-Medios-16.png\",\"datePublished\":\"2026-04-27T16:44:13+00:00\",\"dateModified\":\"2026-04-27T16:44:13+00:00\",\"author\":{\"@id\":\"https:\/\/elinfoexpress.com\/#\/schema\/person\/ab787d403b608d17b1cecf31810a3c45\"},\"description\":\"Rescatan a siete personas atrapadas en un elevador en Monterrey tras falla el\u00e9ctrica; no hubo lesionados.\",\"breadcrumb\":{\"@id\":\"https:\/\/elinfoexpress.com\/index.php\/2026\/04\/27\/rescatan-a-siete-personas-atrapadas-en-elevador-en-monterrey\/#breadcrumb\"},\"inLanguage\":\"en-US\",\"potentialAction\":[{\"@type\":\"ReadAction\",\"target\":[\"https:\/\/elinfoexpress.com\/index.php\/2026\/04\/27\/rescatan-a-siete-personas-atrapadas-en-elevador-en-monterrey\/\"]}]},{\"@type\":\"ImageObject\",\"inLanguage\":\"en-US\",\"@id\":\"https:\/\/elinfoexpress.com\/index.php\/2026\/04\/27\/rescatan-a-siete-personas-atrapadas-en-elevador-en-monterrey\/#primaryimage\",\"url\":\"https:\/\/elinfoexpress.com\/wp-content\/uploads\/2026\/04\/Portadas-Medios-16.png\",\"contentUrl\":\"https:\/\/elinfoexpress.com\/wp-content\/uploads\/2026\/04\/Portadas-Medios-16.png\",\"width\":1000,\"height\":550},{\"@type\":\"BreadcrumbList\",\"@id\":\"https:\/\/elinfoexpress.com\/index.php\/2026\/04\/27\/rescatan-a-siete-personas-atrapadas-en-elevador-en-monterrey\/#breadcrumb\",\"itemListElement\":[{\"@type\":\"ListItem\",\"position\":1,\"name\":\"Portada\",\"item\":\"https:\/\/elinfoexpress.com\/\"},{\"@type\":\"ListItem\",\"position\":2,\"name\":\"Rescatan a siete personas atrapadas en elevador en\u00a0Monterrey\"}]},{\"@type\":\"WebSite\",\"@id\":\"https:\/\/elinfoexpress.com\/#website\",\"url\":\"https:\/\/elinfoexpress.com\/\",\"name\":\"El Info Express\",\"description\":\"\",\"potentialAction\":[{\"@type\":\"SearchAction\",\"target\":{\"@type\":\"EntryPoint\",\"urlTemplate\":\"https:\/\/elinfoexpress.com\/?s={search_term_string}\"},\"query-input\":\"required name=search_term_string\"}],\"inLanguage\":\"en-US\"},{\"@type\":\"Person\",\"@id\":\"https:\/\/elinfoexpress.com\/#\/schema\/person\/ab787d403b608d17b1cecf31810a3c45\",\"name\":\"Juan Estrada\",\"image\":{\"@type\":\"ImageObject\",\"inLanguage\":\"en-US\",\"@id\":\"https:\/\/elinfoexpress.com\/#\/schema\/person\/image\/\",\"url\":\"https:\/\/secure.gravatar.com\/avatar\/73ee25d1950ab30b86c64ff2e8457250?s=96&d=mm&r=g\",\"contentUrl\":\"https:\/\/secure.gravatar.com\/avatar\/73ee25d1950ab30b86c64ff2e8457250?s=96&d=mm&r=g\",\"caption\":\"Juan Estrada\"},\"sameAs\":[\"https:\/\/elinfoexpress.com\"],\"url\":\"https:\/\/elinfoexpress.com\/index.php\/author\/juan-estrada\/\"}]}<\/script>\n<!-- \/ Yoast SEO plugin. -->","yoast_head_json":{"title":"Rescatan a siete personas atrapadas en elevador en\u00a0Monterrey - El Info Express","description":"Rescatan a siete personas atrapadas en un elevador en Monterrey tras falla el\u00e9ctrica; no hubo lesionados.","robots":{"index":"index","follow":"follow","max-snippet":"max-snippet:-1","max-image-preview":"max-image-preview:large","max-video-preview":"max-video-preview:-1"},"canonical":"https:\/\/elinfoexpress.com\/index.php\/2026\/04\/27\/rescatan-a-siete-personas-atrapadas-en-elevador-en-monterrey\/","og_locale":"en_US","og_type":"article","og_title":"Rescatan a siete personas atrapadas en elevador en\u00a0Monterrey - El Info Express","og_description":"Rescatan a siete personas atrapadas en un elevador en Monterrey tras falla el\u00e9ctrica; no hubo lesionados.","og_url":"https:\/\/elinfoexpress.com\/index.php\/2026\/04\/27\/rescatan-a-siete-personas-atrapadas-en-elevador-en-monterrey\/","og_site_name":"El Info Express","article_published_time":"2026-04-27T16:44:13+00:00","og_image":[{"width":1000,"height":550,"url":"http:\/\/elinfoexpress.com\/wp-content\/uploads\/2026\/04\/Portadas-Medios-16.png","type":"image\/png"}],"author":"Juan Estrada","twitter_card":"summary_large_image","twitter_misc":{"Written by":"Juan Estrada","Est. reading time":"1 minute"},"schema":{"@context":"https:\/\/schema.org","@graph":[{"@type":"WebPage","@id":"https:\/\/elinfoexpress.com\/index.php\/2026\/04\/27\/rescatan-a-siete-personas-atrapadas-en-elevador-en-monterrey\/","url":"https:\/\/elinfoexpress.com\/index.php\/2026\/04\/27\/rescatan-a-siete-personas-atrapadas-en-elevador-en-monterrey\/","name":"Rescatan a siete personas atrapadas en elevador en\u00a0Monterrey - El Info Express","isPartOf":{"@id":"https:\/\/elinfoexpress.com\/#website"},"primaryImageOfPage":{"@id":"https:\/\/elinfoexpress.com\/index.php\/2026\/04\/27\/rescatan-a-siete-personas-atrapadas-en-elevador-en-monterrey\/#primaryimage"},"image":{"@id":"https:\/\/elinfoexpress.com\/index.php\/2026\/04\/27\/rescatan-a-siete-personas-atrapadas-en-elevador-en-monterrey\/#primaryimage"},"thumbnailUrl":"https:\/\/elinfoexpress.com\/wp-content\/uploads\/2026\/04\/Portadas-Medios-16.png","datePublished":"2026-04-27T16:44:13+00:00","dateModified":"2026-04-27T16:44:13+00:00","author":{"@id":"https:\/\/elinfoexpress.com\/#\/schema\/person\/ab787d403b608d17b1cecf31810a3c45"},"description":"Rescatan a siete personas atrapadas en un elevador en Monterrey tras falla el\u00e9ctrica; no hubo lesionados.","breadcrumb":{"@id":"https:\/\/elinfoexpress.com\/index.php\/2026\/04\/27\/rescatan-a-siete-personas-atrapadas-en-elevador-en-monterrey\/#breadcrumb"},"inLanguage":"en-US","potentialAction":[{"@type":"ReadAction","target":["https:\/\/elinfoexpress.com\/index.php\/2026\/04\/27\/rescatan-a-siete-personas-atrapadas-en-elevador-en-monterrey\/"]}]},{"@type":"ImageObject","inLanguage":"en-US","@id":"https:\/\/elinfoexpress.com\/index.php\/2026\/04\/27\/rescatan-a-siete-personas-atrapadas-en-elevador-en-monterrey\/#primaryimage","url":"https:\/\/elinfoexpress.com\/wp-content\/uploads\/2026\/04\/Portadas-Medios-16.png","contentUrl":"https:\/\/elinfoexpress.com\/wp-content\/uploads\/2026\/04\/Portadas-Medios-16.png","width":1000,"height":550},{"@type":"BreadcrumbList","@id":"https:\/\/elinfoexpress.com\/index.php\/2026\/04\/27\/rescatan-a-siete-personas-atrapadas-en-elevador-en-monterrey\/#breadcrumb","itemListElement":[{"@type":"ListItem","position":1,"name":"Portada","item":"https:\/\/elinfoexpress.com\/"},{"@type":"ListItem","position":2,"name":"Rescatan a siete personas atrapadas en elevador en\u00a0Monterrey"}]},{"@type":"WebSite","@id":"https:\/\/elinfoexpress.com\/#website","url":"https:\/\/elinfoexpress.com\/","name":"El Info Express","description":"","potentialAction":[{"@type":"SearchAction","target":{"@type":"EntryPoint","urlTemplate":"https:\/\/elinfoexpress.com\/?s={search_term_string}"},"query-input":"required name=search_term_string"}],"inLanguage":"en-US"},{"@type":"Person","@id":"https:\/\/elinfoexpress.com\/#\/schema\/person\/ab787d403b608d17b1cecf31810a3c45","name":"Juan Estrada","image":{"@type":"ImageObject","inLanguage":"en-US","@id":"https:\/\/elinfoexpress.com\/#\/schema\/person\/image\/","url":"https:\/\/secure.gravatar.com\/avatar\/73ee25d1950ab30b86c64ff2e8457250?s=96&d=mm&r=g","contentUrl":"https:\/\/secure.gravatar.com\/avatar\/73ee25d1950ab30b86c64ff2e8457250?s=96&d=mm&r=g","caption":"Juan Estrada"},"sameAs":["https:\/\/elinfoexpress.com"],"url":"https:\/\/elinfoexpress.com\/index.php\/author\/juan-estrada\/"}]}},"_links":{"self":[{"href":"https:\/\/elinfoexpress.com\/index.php\/wp-json\/wp\/v2\/posts\/393"}],"collection":[{"href":"https:\/\/elinfoexpress.com\/index.php\/wp-json\/wp\/v2\/posts"}],"about":[{"href":"https:\/\/elinfoexpress.com\/index.php\/wp-json\/wp\/v2\/types\/post"}],"author":[{"embeddable":true,"href":"https:\/\/elinfoexpress.com\/index.php\/wp-json\/wp\/v2\/users\/2"}],"replies":[{"embeddable":true,"href":"https:\/\/elinfoexpress.com\/index.php\/wp-json\/wp\/v2\/comments?post=393"}],"version-history":[{"count":1,"href":"https:\/\/elinfoexpress.com\/index.php\/wp-json\/wp\/v2\/posts\/393\/revisions"}],"predecessor-version":[{"id":395,"href":"https:\/\/elinfoexpress.com\/index.php\/wp-json\/wp\/v2\/posts\/393\/revisions\/395"}],"wp:featuredmedia":[{"embeddable":true,"href":"https:\/\/elinfoexpress.com\/index.php\/wp-json\/wp\/v2\/media\/394"}],"wp:attachment":[{"href":"https:\/\/elinfoexpress.com\/index.php\/wp-json\/wp\/v2\/media?parent=393"}],"wp:term":[{"taxonomy":"category","embeddable":true,"href":"https:\/\/elinfoexpress.com\/index.php\/wp-json\/wp\/v2\/categories?post=393"},{"taxonomy":"post_tag","embeddable":true,"href":"https:\/\/elinfoexpress.com\/index.php\/wp-json\/wp\/v2\/tags?post=393"}],"curies":[{"name":"wp","href":"https:\/\/api.w.org\/{rel}","templated":true}]}}