{"id":396,"date":"2026-04-27T23:42:52","date_gmt":"2026-04-27T21:42:52","guid":{"rendered":"https:\/\/elinfoexpress.com\/?p=396"},"modified":"2026-04-27T23:42:52","modified_gmt":"2026-04-27T21:42:52","slug":"harry-styles-y-zoe-kravitz-estarian-comprometidos-segun-reportes","status":"publish","type":"post","link":"https:\/\/elinfoexpress.com\/index.php\/2026\/04\/27\/harry-styles-y-zoe-kravitz-estarian-comprometidos-segun-reportes\/","title":{"rendered":"Harry Styles y Zo\u00eb Kravitz estar\u00edan comprometidos, seg\u00fan reportes"},"content":{"rendered":"\n<p>Harry Styles y Zo\u00eb Kravitz estar\u00edan comprometidos tras varios meses de relaci\u00f3n, de acuerdo con reportes de medios internacionales. Hasta ahora, ninguno de los dos ha confirmado p\u00fablicamente la noticia.<\/p>\n\n\n\n<h2 class=\"wp-block-heading\">Un anillo de diamantes aument\u00f3 los rumores<\/h2>\n\n\n\n<p>Las versiones sobre el posible compromiso crecieron luego de que Zo\u00eb Kravitz fuera vista en Londres con un anillo en el dedo anular.<\/p>\n\n\n\n<p>Las im\u00e1genes provocaron especulaciones sobre una nueva etapa en su relaci\u00f3n con el int\u00e9rprete de \u201cWatermelon Sugar\u201d.<\/p>\n\n\n\n<h3 class=\"wp-block-heading\">Fueron vinculados por primera vez en 2025<\/h3>\n\n\n\n<p>Styles y Kravitz fueron relacionados por primera vez en agosto de 2025, cuando fueron vistos juntos en Roma.<\/p>\n\n\n\n<p>Despu\u00e9s, surgieron reportes de nuevos encuentros en Londres y otras ciudades, aunque ambos mantuvieron bajo perfil.<\/p>\n\n\n\n<h3 class=\"wp-block-heading\">La pareja mantiene su vida privada lejos del foco p\u00fablico<\/h3>\n\n\n\n<p>Desde que comenzaron los rumores, Harry Styles y Zo\u00eb Kravitz han evitado hablar p\u00fablicamente sobre su relaci\u00f3n.<\/p>\n\n\n\n<p>Fuentes cercanas aseguran que la pareja habr\u00eda compartido la noticia solo con un c\u00edrculo reducido.<\/p>\n\n\n\n<h2 class=\"wp-block-heading\">No hay fecha de boda confirmada<\/h2>\n\n\n\n<p>Por ahora, no se ha revelado una posible fecha de boda. La informaci\u00f3n sigue manej\u00e1ndose como un reporte no confirmado por los protagonistas.<\/p>\n","protected":false},"excerpt":{"rendered":"<p>Harry Styles y Zo\u00eb Kravitz estar\u00edan comprometidos tras varios meses de relaci\u00f3n, de acuerdo con reportes de medios internacionales. Hasta ahora, ninguno de los dos ha confirmado p\u00fablicamente la noticia. Un anillo de diamantes aument\u00f3 los rumores Las versiones sobre el posible compromiso crecieron luego de que Zo\u00eb Kravitz fuera vista en Londres con un [&hellip;]<\/p>\n","protected":false},"author":2,"featured_media":397,"comment_status":"open","ping_status":"open","sticky":false,"template":"","format":"standard","meta":{"footnotes":""},"categories":[3],"tags":[200,199],"yoast_head":"<!-- This site is optimized with the Yoast SEO plugin v22.4 - https:\/\/yoast.com\/wordpress\/plugins\/seo\/ -->\n<title>Harry Styles y Zo\u00eb Kravitz estar\u00edan comprometidos, seg\u00fan reportes - El Info Express<\/title>\n<meta name=\"description\" content=\"Harry Styles y Zo\u00eb Kravitz estar\u00edan comprometidos tras meses de relaci\u00f3n; un anillo de diamantes aument\u00f3 los rumores sobre la pareja.\" \/>\n<meta name=\"robots\" content=\"index, follow, max-snippet:-1, max-image-preview:large, max-video-preview:-1\" \/>\n<link rel=\"canonical\" href=\"https:\/\/elinfoexpress.com\/index.php\/2026\/04\/27\/harry-styles-y-zoe-kravitz-estarian-comprometidos-segun-reportes\/\" \/>\n<meta property=\"og:locale\" content=\"en_US\" \/>\n<meta property=\"og:type\" content=\"article\" \/>\n<meta property=\"og:title\" content=\"Harry Styles y Zo\u00eb Kravitz estar\u00edan comprometidos, seg\u00fan reportes - El Info Express\" \/>\n<meta property=\"og:description\" content=\"Harry Styles y Zo\u00eb Kravitz estar\u00edan comprometidos tras meses de relaci\u00f3n; un anillo de diamantes aument\u00f3 los rumores sobre la pareja.\" \/>\n<meta property=\"og:url\" content=\"https:\/\/elinfoexpress.com\/index.php\/2026\/04\/27\/harry-styles-y-zoe-kravitz-estarian-comprometidos-segun-reportes\/\" \/>\n<meta property=\"og:site_name\" content=\"El Info Express\" \/>\n<meta property=\"article:published_time\" content=\"2026-04-27T21:42:52+00:00\" \/>\n<meta property=\"og:image\" content=\"http:\/\/elinfoexpress.com\/wp-content\/uploads\/2026\/04\/Portadas-Medios-5.png\" \/>\n\t<meta property=\"og:image:width\" content=\"1000\" \/>\n\t<meta property=\"og:image:height\" content=\"550\" \/>\n\t<meta property=\"og:image:type\" content=\"image\/png\" \/>\n<meta name=\"author\" content=\"Juan Estrada\" \/>\n<meta name=\"twitter:card\" content=\"summary_large_image\" \/>\n<meta name=\"twitter:label1\" content=\"Written by\" \/>\n\t<meta name=\"twitter:data1\" content=\"Juan Estrada\" \/>\n\t<meta name=\"twitter:label2\" content=\"Est. reading time\" \/>\n\t<meta name=\"twitter:data2\" content=\"1 minute\" \/>\n<script type=\"application\/ld+json\" class=\"yoast-schema-graph\">{\"@context\":\"https:\/\/schema.org\",\"@graph\":[{\"@type\":\"WebPage\",\"@id\":\"https:\/\/elinfoexpress.com\/index.php\/2026\/04\/27\/harry-styles-y-zoe-kravitz-estarian-comprometidos-segun-reportes\/\",\"url\":\"https:\/\/elinfoexpress.com\/index.php\/2026\/04\/27\/harry-styles-y-zoe-kravitz-estarian-comprometidos-segun-reportes\/\",\"name\":\"Harry Styles y Zo\u00eb Kravitz estar\u00edan comprometidos, seg\u00fan reportes - El Info Express\",\"isPartOf\":{\"@id\":\"https:\/\/elinfoexpress.com\/#website\"},\"primaryImageOfPage\":{\"@id\":\"https:\/\/elinfoexpress.com\/index.php\/2026\/04\/27\/harry-styles-y-zoe-kravitz-estarian-comprometidos-segun-reportes\/#primaryimage\"},\"image\":{\"@id\":\"https:\/\/elinfoexpress.com\/index.php\/2026\/04\/27\/harry-styles-y-zoe-kravitz-estarian-comprometidos-segun-reportes\/#primaryimage\"},\"thumbnailUrl\":\"https:\/\/elinfoexpress.com\/wp-content\/uploads\/2026\/04\/Portadas-Medios-5.png\",\"datePublished\":\"2026-04-27T21:42:52+00:00\",\"dateModified\":\"2026-04-27T21:42:52+00:00\",\"author\":{\"@id\":\"https:\/\/elinfoexpress.com\/#\/schema\/person\/ab787d403b608d17b1cecf31810a3c45\"},\"description\":\"Harry Styles y Zo\u00eb Kravitz estar\u00edan comprometidos tras meses de relaci\u00f3n; un anillo de diamantes aument\u00f3 los rumores sobre la pareja.\",\"breadcrumb\":{\"@id\":\"https:\/\/elinfoexpress.com\/index.php\/2026\/04\/27\/harry-styles-y-zoe-kravitz-estarian-comprometidos-segun-reportes\/#breadcrumb\"},\"inLanguage\":\"en-US\",\"potentialAction\":[{\"@type\":\"ReadAction\",\"target\":[\"https:\/\/elinfoexpress.com\/index.php\/2026\/04\/27\/harry-styles-y-zoe-kravitz-estarian-comprometidos-segun-reportes\/\"]}]},{\"@type\":\"ImageObject\",\"inLanguage\":\"en-US\",\"@id\":\"https:\/\/elinfoexpress.com\/index.php\/2026\/04\/27\/harry-styles-y-zoe-kravitz-estarian-comprometidos-segun-reportes\/#primaryimage\",\"url\":\"https:\/\/elinfoexpress.com\/wp-content\/uploads\/2026\/04\/Portadas-Medios-5.png\",\"contentUrl\":\"https:\/\/elinfoexpress.com\/wp-content\/uploads\/2026\/04\/Portadas-Medios-5.png\",\"width\":1000,\"height\":550},{\"@type\":\"BreadcrumbList\",\"@id\":\"https:\/\/elinfoexpress.com\/index.php\/2026\/04\/27\/harry-styles-y-zoe-kravitz-estarian-comprometidos-segun-reportes\/#breadcrumb\",\"itemListElement\":[{\"@type\":\"ListItem\",\"position\":1,\"name\":\"Portada\",\"item\":\"https:\/\/elinfoexpress.com\/\"},{\"@type\":\"ListItem\",\"position\":2,\"name\":\"Harry Styles y Zo\u00eb Kravitz estar\u00edan comprometidos, seg\u00fan reportes\"}]},{\"@type\":\"WebSite\",\"@id\":\"https:\/\/elinfoexpress.com\/#website\",\"url\":\"https:\/\/elinfoexpress.com\/\",\"name\":\"El Info Express\",\"description\":\"\",\"potentialAction\":[{\"@type\":\"SearchAction\",\"target\":{\"@type\":\"EntryPoint\",\"urlTemplate\":\"https:\/\/elinfoexpress.com\/?s={search_term_string}\"},\"query-input\":\"required name=search_term_string\"}],\"inLanguage\":\"en-US\"},{\"@type\":\"Person\",\"@id\":\"https:\/\/elinfoexpress.com\/#\/schema\/person\/ab787d403b608d17b1cecf31810a3c45\",\"name\":\"Juan Estrada\",\"image\":{\"@type\":\"ImageObject\",\"inLanguage\":\"en-US\",\"@id\":\"https:\/\/elinfoexpress.com\/#\/schema\/person\/image\/\",\"url\":\"https:\/\/secure.gravatar.com\/avatar\/73ee25d1950ab30b86c64ff2e8457250?s=96&d=mm&r=g\",\"contentUrl\":\"https:\/\/secure.gravatar.com\/avatar\/73ee25d1950ab30b86c64ff2e8457250?s=96&d=mm&r=g\",\"caption\":\"Juan Estrada\"},\"sameAs\":[\"https:\/\/elinfoexpress.com\"],\"url\":\"https:\/\/elinfoexpress.com\/index.php\/author\/juan-estrada\/\"}]}<\/script>\n<!-- \/ Yoast SEO plugin. -->","yoast_head_json":{"title":"Harry Styles y Zo\u00eb Kravitz estar\u00edan comprometidos, seg\u00fan reportes - El Info Express","description":"Harry Styles y Zo\u00eb Kravitz estar\u00edan comprometidos tras meses de relaci\u00f3n; un anillo de diamantes aument\u00f3 los rumores sobre la pareja.","robots":{"index":"index","follow":"follow","max-snippet":"max-snippet:-1","max-image-preview":"max-image-preview:large","max-video-preview":"max-video-preview:-1"},"canonical":"https:\/\/elinfoexpress.com\/index.php\/2026\/04\/27\/harry-styles-y-zoe-kravitz-estarian-comprometidos-segun-reportes\/","og_locale":"en_US","og_type":"article","og_title":"Harry Styles y Zo\u00eb Kravitz estar\u00edan comprometidos, seg\u00fan reportes - El Info Express","og_description":"Harry Styles y Zo\u00eb Kravitz estar\u00edan comprometidos tras meses de relaci\u00f3n; un anillo de diamantes aument\u00f3 los rumores sobre la pareja.","og_url":"https:\/\/elinfoexpress.com\/index.php\/2026\/04\/27\/harry-styles-y-zoe-kravitz-estarian-comprometidos-segun-reportes\/","og_site_name":"El Info Express","article_published_time":"2026-04-27T21:42:52+00:00","og_image":[{"width":1000,"height":550,"url":"http:\/\/elinfoexpress.com\/wp-content\/uploads\/2026\/04\/Portadas-Medios-5.png","type":"image\/png"}],"author":"Juan Estrada","twitter_card":"summary_large_image","twitter_misc":{"Written by":"Juan Estrada","Est. reading time":"1 minute"},"schema":{"@context":"https:\/\/schema.org","@graph":[{"@type":"WebPage","@id":"https:\/\/elinfoexpress.com\/index.php\/2026\/04\/27\/harry-styles-y-zoe-kravitz-estarian-comprometidos-segun-reportes\/","url":"https:\/\/elinfoexpress.com\/index.php\/2026\/04\/27\/harry-styles-y-zoe-kravitz-estarian-comprometidos-segun-reportes\/","name":"Harry Styles y Zo\u00eb Kravitz estar\u00edan comprometidos, seg\u00fan reportes - El Info Express","isPartOf":{"@id":"https:\/\/elinfoexpress.com\/#website"},"primaryImageOfPage":{"@id":"https:\/\/elinfoexpress.com\/index.php\/2026\/04\/27\/harry-styles-y-zoe-kravitz-estarian-comprometidos-segun-reportes\/#primaryimage"},"image":{"@id":"https:\/\/elinfoexpress.com\/index.php\/2026\/04\/27\/harry-styles-y-zoe-kravitz-estarian-comprometidos-segun-reportes\/#primaryimage"},"thumbnailUrl":"https:\/\/elinfoexpress.com\/wp-content\/uploads\/2026\/04\/Portadas-Medios-5.png","datePublished":"2026-04-27T21:42:52+00:00","dateModified":"2026-04-27T21:42:52+00:00","author":{"@id":"https:\/\/elinfoexpress.com\/#\/schema\/person\/ab787d403b608d17b1cecf31810a3c45"},"description":"Harry Styles y Zo\u00eb Kravitz estar\u00edan comprometidos tras meses de relaci\u00f3n; un anillo de diamantes aument\u00f3 los rumores sobre la pareja.","breadcrumb":{"@id":"https:\/\/elinfoexpress.com\/index.php\/2026\/04\/27\/harry-styles-y-zoe-kravitz-estarian-comprometidos-segun-reportes\/#breadcrumb"},"inLanguage":"en-US","potentialAction":[{"@type":"ReadAction","target":["https:\/\/elinfoexpress.com\/index.php\/2026\/04\/27\/harry-styles-y-zoe-kravitz-estarian-comprometidos-segun-reportes\/"]}]},{"@type":"ImageObject","inLanguage":"en-US","@id":"https:\/\/elinfoexpress.com\/index.php\/2026\/04\/27\/harry-styles-y-zoe-kravitz-estarian-comprometidos-segun-reportes\/#primaryimage","url":"https:\/\/elinfoexpress.com\/wp-content\/uploads\/2026\/04\/Portadas-Medios-5.png","contentUrl":"https:\/\/elinfoexpress.com\/wp-content\/uploads\/2026\/04\/Portadas-Medios-5.png","width":1000,"height":550},{"@type":"BreadcrumbList","@id":"https:\/\/elinfoexpress.com\/index.php\/2026\/04\/27\/harry-styles-y-zoe-kravitz-estarian-comprometidos-segun-reportes\/#breadcrumb","itemListElement":[{"@type":"ListItem","position":1,"name":"Portada","item":"https:\/\/elinfoexpress.com\/"},{"@type":"ListItem","position":2,"name":"Harry Styles y Zo\u00eb Kravitz estar\u00edan comprometidos, seg\u00fan reportes"}]},{"@type":"WebSite","@id":"https:\/\/elinfoexpress.com\/#website","url":"https:\/\/elinfoexpress.com\/","name":"El Info Express","description":"","potentialAction":[{"@type":"SearchAction","target":{"@type":"EntryPoint","urlTemplate":"https:\/\/elinfoexpress.com\/?s={search_term_string}"},"query-input":"required name=search_term_string"}],"inLanguage":"en-US"},{"@type":"Person","@id":"https:\/\/elinfoexpress.com\/#\/schema\/person\/ab787d403b608d17b1cecf31810a3c45","name":"Juan Estrada","image":{"@type":"ImageObject","inLanguage":"en-US","@id":"https:\/\/elinfoexpress.com\/#\/schema\/person\/image\/","url":"https:\/\/secure.gravatar.com\/avatar\/73ee25d1950ab30b86c64ff2e8457250?s=96&d=mm&r=g","contentUrl":"https:\/\/secure.gravatar.com\/avatar\/73ee25d1950ab30b86c64ff2e8457250?s=96&d=mm&r=g","caption":"Juan Estrada"},"sameAs":["https:\/\/elinfoexpress.com"],"url":"https:\/\/elinfoexpress.com\/index.php\/author\/juan-estrada\/"}]}},"_links":{"self":[{"href":"https:\/\/elinfoexpress.com\/index.php\/wp-json\/wp\/v2\/posts\/396"}],"collection":[{"href":"https:\/\/elinfoexpress.com\/index.php\/wp-json\/wp\/v2\/posts"}],"about":[{"href":"https:\/\/elinfoexpress.com\/index.php\/wp-json\/wp\/v2\/types\/post"}],"author":[{"embeddable":true,"href":"https:\/\/elinfoexpress.com\/index.php\/wp-json\/wp\/v2\/users\/2"}],"replies":[{"embeddable":true,"href":"https:\/\/elinfoexpress.com\/index.php\/wp-json\/wp\/v2\/comments?post=396"}],"version-history":[{"count":1,"href":"https:\/\/elinfoexpress.com\/index.php\/wp-json\/wp\/v2\/posts\/396\/revisions"}],"predecessor-version":[{"id":398,"href":"https:\/\/elinfoexpress.com\/index.php\/wp-json\/wp\/v2\/posts\/396\/revisions\/398"}],"wp:featuredmedia":[{"embeddable":true,"href":"https:\/\/elinfoexpress.com\/index.php\/wp-json\/wp\/v2\/media\/397"}],"wp:attachment":[{"href":"https:\/\/elinfoexpress.com\/index.php\/wp-json\/wp\/v2\/media?parent=396"}],"wp:term":[{"taxonomy":"category","embeddable":true,"href":"https:\/\/elinfoexpress.com\/index.php\/wp-json\/wp\/v2\/categories?post=396"},{"taxonomy":"post_tag","embeddable":true,"href":"https:\/\/elinfoexpress.com\/index.php\/wp-json\/wp\/v2\/tags?post=396"}],"curies":[{"name":"wp","href":"https:\/\/api.w.org\/{rel}","templated":true}]}}