{"id":402,"date":"2026-04-28T00:00:18","date_gmt":"2026-04-27T22:00:18","guid":{"rendered":"https:\/\/elinfoexpress.com\/?p=402"},"modified":"2026-04-28T00:00:19","modified_gmt":"2026-04-27T22:00:19","slug":"rector-de-la-universidad-autonoma-de-nuevo-leon-fortalece-alianzas-en-espana","status":"publish","type":"post","link":"https:\/\/elinfoexpress.com\/index.php\/2026\/04\/28\/rector-de-la-universidad-autonoma-de-nuevo-leon-fortalece-alianzas-en-espana\/","title":{"rendered":"Rector de la\u00a0Universidad Aut\u00f3noma de Nuevo Le\u00f3n\u00a0fortalece alianzas en Espa\u00f1a"},"content":{"rendered":"\n<h2 class=\"wp-block-heading\">Participa en cumbre binacional de universidades<\/h2>\n\n\n\n<p>El rector&nbsp;Santos Guzm\u00e1n L\u00f3pez&nbsp;particip\u00f3 en la II Cumbre M\u00e9xico-Espa\u00f1a de Rectoras y Rectores, realizada en la&nbsp;Universitat Jaume I. El encuentro fue impulsado por la&nbsp;CRUE&nbsp;y la&nbsp;ANUIES.<\/p>\n\n\n\n<h3 class=\"wp-block-heading\">Impulsan cooperaci\u00f3n acad\u00e9mica internacional<\/h3>\n\n\n\n<p>Durante su intervenci\u00f3n, el rector destac\u00f3 la importancia de fortalecer la colaboraci\u00f3n internacional ante retos globales como la transformaci\u00f3n digital, la sostenibilidad y la innovaci\u00f3n. Se\u00f1al\u00f3 que las c\u00e1tedras binacionales permiten construir agendas compartidas y proyectos de alto impacto.<\/p>\n\n\n\n<h3 class=\"wp-block-heading\">Firman convenios con universidades espa\u00f1olas<\/h3>\n\n\n\n<p>En el marco del evento, la UANL concret\u00f3 alianzas con la&nbsp;Universidad de Granada&nbsp;y la&nbsp;Universidad de Extremadura, enfocadas en movilidad estudiantil, doble titulaci\u00f3n y cooperaci\u00f3n acad\u00e9mica.<\/p>\n\n\n\n<h2 class=\"wp-block-heading\">Buscan ampliar movilidad y programas conjuntos<\/h2>\n\n\n\n<p>Estas acciones buscan incrementar el intercambio de estudiantes y fortalecer programas educativos compartidos entre M\u00e9xico y Espa\u00f1a, consolidando la proyecci\u00f3n internacional de la UANL.<\/p>\n","protected":false},"excerpt":{"rendered":"<p>Participa en cumbre binacional de universidades El rector&nbsp;Santos Guzm\u00e1n L\u00f3pez&nbsp;particip\u00f3 en la II Cumbre M\u00e9xico-Espa\u00f1a de Rectoras y Rectores, realizada en la&nbsp;Universitat Jaume I. El encuentro fue impulsado por la&nbsp;CRUE&nbsp;y la&nbsp;ANUIES. Impulsan cooperaci\u00f3n acad\u00e9mica internacional Durante su intervenci\u00f3n, el rector destac\u00f3 la importancia de fortalecer la colaboraci\u00f3n internacional ante retos globales como la transformaci\u00f3n digital, [&hellip;]<\/p>\n","protected":false},"author":2,"featured_media":403,"comment_status":"open","ping_status":"open","sticky":false,"template":"","format":"standard","meta":{"footnotes":""},"categories":[6],"tags":[204,203,116],"yoast_head":"<!-- This site is optimized with the Yoast SEO plugin v22.4 - https:\/\/yoast.com\/wordpress\/plugins\/seo\/ -->\n<title>Rector de la\u00a0Universidad Aut\u00f3noma de Nuevo Le\u00f3n\u00a0fortalece alianzas en Espa\u00f1a - El Info Express<\/title>\n<meta name=\"description\" content=\"UANL firma convenios con universidades de Espa\u00f1a durante cumbre internacional para impulsar movilidad estudiantil y cooperaci\u00f3n acad\u00e9mica.\" \/>\n<meta name=\"robots\" content=\"index, follow, max-snippet:-1, max-image-preview:large, max-video-preview:-1\" \/>\n<link rel=\"canonical\" href=\"https:\/\/elinfoexpress.com\/index.php\/2026\/04\/28\/rector-de-la-universidad-autonoma-de-nuevo-leon-fortalece-alianzas-en-espana\/\" \/>\n<meta property=\"og:locale\" content=\"en_US\" \/>\n<meta property=\"og:type\" content=\"article\" \/>\n<meta property=\"og:title\" content=\"Rector de la\u00a0Universidad Aut\u00f3noma de Nuevo Le\u00f3n\u00a0fortalece alianzas en Espa\u00f1a - El Info Express\" \/>\n<meta property=\"og:description\" content=\"UANL firma convenios con universidades de Espa\u00f1a durante cumbre internacional para impulsar movilidad estudiantil y cooperaci\u00f3n acad\u00e9mica.\" \/>\n<meta property=\"og:url\" content=\"https:\/\/elinfoexpress.com\/index.php\/2026\/04\/28\/rector-de-la-universidad-autonoma-de-nuevo-leon-fortalece-alianzas-en-espana\/\" \/>\n<meta property=\"og:site_name\" content=\"El Info Express\" \/>\n<meta property=\"article:published_time\" content=\"2026-04-27T22:00:18+00:00\" \/>\n<meta property=\"article:modified_time\" content=\"2026-04-27T22:00:19+00:00\" \/>\n<meta property=\"og:image\" content=\"http:\/\/elinfoexpress.com\/wp-content\/uploads\/2026\/04\/large_Convenio_U_de_Granada_1_10db28d7e0.jpg\" \/>\n\t<meta property=\"og:image:width\" content=\"1300\" \/>\n\t<meta property=\"og:image:height\" content=\"730\" \/>\n\t<meta property=\"og:image:type\" content=\"image\/jpeg\" \/>\n<meta name=\"author\" content=\"Juan Estrada\" \/>\n<meta name=\"twitter:card\" content=\"summary_large_image\" \/>\n<meta name=\"twitter:label1\" content=\"Written by\" \/>\n\t<meta name=\"twitter:data1\" content=\"Juan Estrada\" \/>\n\t<meta name=\"twitter:label2\" content=\"Est. reading time\" \/>\n\t<meta name=\"twitter:data2\" content=\"1 minute\" \/>\n<script type=\"application\/ld+json\" class=\"yoast-schema-graph\">{\"@context\":\"https:\/\/schema.org\",\"@graph\":[{\"@type\":\"WebPage\",\"@id\":\"https:\/\/elinfoexpress.com\/index.php\/2026\/04\/28\/rector-de-la-universidad-autonoma-de-nuevo-leon-fortalece-alianzas-en-espana\/\",\"url\":\"https:\/\/elinfoexpress.com\/index.php\/2026\/04\/28\/rector-de-la-universidad-autonoma-de-nuevo-leon-fortalece-alianzas-en-espana\/\",\"name\":\"Rector de la\u00a0Universidad Aut\u00f3noma de Nuevo Le\u00f3n\u00a0fortalece alianzas en Espa\u00f1a - El Info Express\",\"isPartOf\":{\"@id\":\"https:\/\/elinfoexpress.com\/#website\"},\"primaryImageOfPage\":{\"@id\":\"https:\/\/elinfoexpress.com\/index.php\/2026\/04\/28\/rector-de-la-universidad-autonoma-de-nuevo-leon-fortalece-alianzas-en-espana\/#primaryimage\"},\"image\":{\"@id\":\"https:\/\/elinfoexpress.com\/index.php\/2026\/04\/28\/rector-de-la-universidad-autonoma-de-nuevo-leon-fortalece-alianzas-en-espana\/#primaryimage\"},\"thumbnailUrl\":\"https:\/\/elinfoexpress.com\/wp-content\/uploads\/2026\/04\/large_Convenio_U_de_Granada_1_10db28d7e0.jpg\",\"datePublished\":\"2026-04-27T22:00:18+00:00\",\"dateModified\":\"2026-04-27T22:00:19+00:00\",\"author\":{\"@id\":\"https:\/\/elinfoexpress.com\/#\/schema\/person\/ab787d403b608d17b1cecf31810a3c45\"},\"description\":\"UANL firma convenios con universidades de Espa\u00f1a durante cumbre internacional para impulsar movilidad estudiantil y cooperaci\u00f3n acad\u00e9mica.\",\"breadcrumb\":{\"@id\":\"https:\/\/elinfoexpress.com\/index.php\/2026\/04\/28\/rector-de-la-universidad-autonoma-de-nuevo-leon-fortalece-alianzas-en-espana\/#breadcrumb\"},\"inLanguage\":\"en-US\",\"potentialAction\":[{\"@type\":\"ReadAction\",\"target\":[\"https:\/\/elinfoexpress.com\/index.php\/2026\/04\/28\/rector-de-la-universidad-autonoma-de-nuevo-leon-fortalece-alianzas-en-espana\/\"]}]},{\"@type\":\"ImageObject\",\"inLanguage\":\"en-US\",\"@id\":\"https:\/\/elinfoexpress.com\/index.php\/2026\/04\/28\/rector-de-la-universidad-autonoma-de-nuevo-leon-fortalece-alianzas-en-espana\/#primaryimage\",\"url\":\"https:\/\/elinfoexpress.com\/wp-content\/uploads\/2026\/04\/large_Convenio_U_de_Granada_1_10db28d7e0.jpg\",\"contentUrl\":\"https:\/\/elinfoexpress.com\/wp-content\/uploads\/2026\/04\/large_Convenio_U_de_Granada_1_10db28d7e0.jpg\",\"width\":1300,\"height\":730},{\"@type\":\"BreadcrumbList\",\"@id\":\"https:\/\/elinfoexpress.com\/index.php\/2026\/04\/28\/rector-de-la-universidad-autonoma-de-nuevo-leon-fortalece-alianzas-en-espana\/#breadcrumb\",\"itemListElement\":[{\"@type\":\"ListItem\",\"position\":1,\"name\":\"Portada\",\"item\":\"https:\/\/elinfoexpress.com\/\"},{\"@type\":\"ListItem\",\"position\":2,\"name\":\"Rector de la\u00a0Universidad Aut\u00f3noma de Nuevo Le\u00f3n\u00a0fortalece alianzas en Espa\u00f1a\"}]},{\"@type\":\"WebSite\",\"@id\":\"https:\/\/elinfoexpress.com\/#website\",\"url\":\"https:\/\/elinfoexpress.com\/\",\"name\":\"El Info Express\",\"description\":\"\",\"potentialAction\":[{\"@type\":\"SearchAction\",\"target\":{\"@type\":\"EntryPoint\",\"urlTemplate\":\"https:\/\/elinfoexpress.com\/?s={search_term_string}\"},\"query-input\":\"required name=search_term_string\"}],\"inLanguage\":\"en-US\"},{\"@type\":\"Person\",\"@id\":\"https:\/\/elinfoexpress.com\/#\/schema\/person\/ab787d403b608d17b1cecf31810a3c45\",\"name\":\"Juan Estrada\",\"image\":{\"@type\":\"ImageObject\",\"inLanguage\":\"en-US\",\"@id\":\"https:\/\/elinfoexpress.com\/#\/schema\/person\/image\/\",\"url\":\"https:\/\/secure.gravatar.com\/avatar\/73ee25d1950ab30b86c64ff2e8457250?s=96&d=mm&r=g\",\"contentUrl\":\"https:\/\/secure.gravatar.com\/avatar\/73ee25d1950ab30b86c64ff2e8457250?s=96&d=mm&r=g\",\"caption\":\"Juan Estrada\"},\"sameAs\":[\"https:\/\/elinfoexpress.com\"],\"url\":\"https:\/\/elinfoexpress.com\/index.php\/author\/juan-estrada\/\"}]}<\/script>\n<!-- \/ Yoast SEO plugin. -->","yoast_head_json":{"title":"Rector de la\u00a0Universidad Aut\u00f3noma de Nuevo Le\u00f3n\u00a0fortalece alianzas en Espa\u00f1a - El Info Express","description":"UANL firma convenios con universidades de Espa\u00f1a durante cumbre internacional para impulsar movilidad estudiantil y cooperaci\u00f3n acad\u00e9mica.","robots":{"index":"index","follow":"follow","max-snippet":"max-snippet:-1","max-image-preview":"max-image-preview:large","max-video-preview":"max-video-preview:-1"},"canonical":"https:\/\/elinfoexpress.com\/index.php\/2026\/04\/28\/rector-de-la-universidad-autonoma-de-nuevo-leon-fortalece-alianzas-en-espana\/","og_locale":"en_US","og_type":"article","og_title":"Rector de la\u00a0Universidad Aut\u00f3noma de Nuevo Le\u00f3n\u00a0fortalece alianzas en Espa\u00f1a - El Info Express","og_description":"UANL firma convenios con universidades de Espa\u00f1a durante cumbre internacional para impulsar movilidad estudiantil y cooperaci\u00f3n acad\u00e9mica.","og_url":"https:\/\/elinfoexpress.com\/index.php\/2026\/04\/28\/rector-de-la-universidad-autonoma-de-nuevo-leon-fortalece-alianzas-en-espana\/","og_site_name":"El Info Express","article_published_time":"2026-04-27T22:00:18+00:00","article_modified_time":"2026-04-27T22:00:19+00:00","og_image":[{"width":1300,"height":730,"url":"http:\/\/elinfoexpress.com\/wp-content\/uploads\/2026\/04\/large_Convenio_U_de_Granada_1_10db28d7e0.jpg","type":"image\/jpeg"}],"author":"Juan Estrada","twitter_card":"summary_large_image","twitter_misc":{"Written by":"Juan Estrada","Est. reading time":"1 minute"},"schema":{"@context":"https:\/\/schema.org","@graph":[{"@type":"WebPage","@id":"https:\/\/elinfoexpress.com\/index.php\/2026\/04\/28\/rector-de-la-universidad-autonoma-de-nuevo-leon-fortalece-alianzas-en-espana\/","url":"https:\/\/elinfoexpress.com\/index.php\/2026\/04\/28\/rector-de-la-universidad-autonoma-de-nuevo-leon-fortalece-alianzas-en-espana\/","name":"Rector de la\u00a0Universidad Aut\u00f3noma de Nuevo Le\u00f3n\u00a0fortalece alianzas en Espa\u00f1a - El Info Express","isPartOf":{"@id":"https:\/\/elinfoexpress.com\/#website"},"primaryImageOfPage":{"@id":"https:\/\/elinfoexpress.com\/index.php\/2026\/04\/28\/rector-de-la-universidad-autonoma-de-nuevo-leon-fortalece-alianzas-en-espana\/#primaryimage"},"image":{"@id":"https:\/\/elinfoexpress.com\/index.php\/2026\/04\/28\/rector-de-la-universidad-autonoma-de-nuevo-leon-fortalece-alianzas-en-espana\/#primaryimage"},"thumbnailUrl":"https:\/\/elinfoexpress.com\/wp-content\/uploads\/2026\/04\/large_Convenio_U_de_Granada_1_10db28d7e0.jpg","datePublished":"2026-04-27T22:00:18+00:00","dateModified":"2026-04-27T22:00:19+00:00","author":{"@id":"https:\/\/elinfoexpress.com\/#\/schema\/person\/ab787d403b608d17b1cecf31810a3c45"},"description":"UANL firma convenios con universidades de Espa\u00f1a durante cumbre internacional para impulsar movilidad estudiantil y cooperaci\u00f3n acad\u00e9mica.","breadcrumb":{"@id":"https:\/\/elinfoexpress.com\/index.php\/2026\/04\/28\/rector-de-la-universidad-autonoma-de-nuevo-leon-fortalece-alianzas-en-espana\/#breadcrumb"},"inLanguage":"en-US","potentialAction":[{"@type":"ReadAction","target":["https:\/\/elinfoexpress.com\/index.php\/2026\/04\/28\/rector-de-la-universidad-autonoma-de-nuevo-leon-fortalece-alianzas-en-espana\/"]}]},{"@type":"ImageObject","inLanguage":"en-US","@id":"https:\/\/elinfoexpress.com\/index.php\/2026\/04\/28\/rector-de-la-universidad-autonoma-de-nuevo-leon-fortalece-alianzas-en-espana\/#primaryimage","url":"https:\/\/elinfoexpress.com\/wp-content\/uploads\/2026\/04\/large_Convenio_U_de_Granada_1_10db28d7e0.jpg","contentUrl":"https:\/\/elinfoexpress.com\/wp-content\/uploads\/2026\/04\/large_Convenio_U_de_Granada_1_10db28d7e0.jpg","width":1300,"height":730},{"@type":"BreadcrumbList","@id":"https:\/\/elinfoexpress.com\/index.php\/2026\/04\/28\/rector-de-la-universidad-autonoma-de-nuevo-leon-fortalece-alianzas-en-espana\/#breadcrumb","itemListElement":[{"@type":"ListItem","position":1,"name":"Portada","item":"https:\/\/elinfoexpress.com\/"},{"@type":"ListItem","position":2,"name":"Rector de la\u00a0Universidad Aut\u00f3noma de Nuevo Le\u00f3n\u00a0fortalece alianzas en Espa\u00f1a"}]},{"@type":"WebSite","@id":"https:\/\/elinfoexpress.com\/#website","url":"https:\/\/elinfoexpress.com\/","name":"El Info Express","description":"","potentialAction":[{"@type":"SearchAction","target":{"@type":"EntryPoint","urlTemplate":"https:\/\/elinfoexpress.com\/?s={search_term_string}"},"query-input":"required name=search_term_string"}],"inLanguage":"en-US"},{"@type":"Person","@id":"https:\/\/elinfoexpress.com\/#\/schema\/person\/ab787d403b608d17b1cecf31810a3c45","name":"Juan Estrada","image":{"@type":"ImageObject","inLanguage":"en-US","@id":"https:\/\/elinfoexpress.com\/#\/schema\/person\/image\/","url":"https:\/\/secure.gravatar.com\/avatar\/73ee25d1950ab30b86c64ff2e8457250?s=96&d=mm&r=g","contentUrl":"https:\/\/secure.gravatar.com\/avatar\/73ee25d1950ab30b86c64ff2e8457250?s=96&d=mm&r=g","caption":"Juan Estrada"},"sameAs":["https:\/\/elinfoexpress.com"],"url":"https:\/\/elinfoexpress.com\/index.php\/author\/juan-estrada\/"}]}},"_links":{"self":[{"href":"https:\/\/elinfoexpress.com\/index.php\/wp-json\/wp\/v2\/posts\/402"}],"collection":[{"href":"https:\/\/elinfoexpress.com\/index.php\/wp-json\/wp\/v2\/posts"}],"about":[{"href":"https:\/\/elinfoexpress.com\/index.php\/wp-json\/wp\/v2\/types\/post"}],"author":[{"embeddable":true,"href":"https:\/\/elinfoexpress.com\/index.php\/wp-json\/wp\/v2\/users\/2"}],"replies":[{"embeddable":true,"href":"https:\/\/elinfoexpress.com\/index.php\/wp-json\/wp\/v2\/comments?post=402"}],"version-history":[{"count":1,"href":"https:\/\/elinfoexpress.com\/index.php\/wp-json\/wp\/v2\/posts\/402\/revisions"}],"predecessor-version":[{"id":404,"href":"https:\/\/elinfoexpress.com\/index.php\/wp-json\/wp\/v2\/posts\/402\/revisions\/404"}],"wp:featuredmedia":[{"embeddable":true,"href":"https:\/\/elinfoexpress.com\/index.php\/wp-json\/wp\/v2\/media\/403"}],"wp:attachment":[{"href":"https:\/\/elinfoexpress.com\/index.php\/wp-json\/wp\/v2\/media?parent=402"}],"wp:term":[{"taxonomy":"category","embeddable":true,"href":"https:\/\/elinfoexpress.com\/index.php\/wp-json\/wp\/v2\/categories?post=402"},{"taxonomy":"post_tag","embeddable":true,"href":"https:\/\/elinfoexpress.com\/index.php\/wp-json\/wp\/v2\/tags?post=402"}],"curies":[{"name":"wp","href":"https:\/\/api.w.org\/{rel}","templated":true}]}}