{"id":405,"date":"2026-04-28T18:26:39","date_gmt":"2026-04-28T16:26:39","guid":{"rendered":"https:\/\/elinfoexpress.com\/?p=405"},"modified":"2026-04-28T18:26:39","modified_gmt":"2026-04-28T16:26:39","slug":"cerro-de-la-silla-simbolo-natural-protegido-de-nuevo-leon","status":"publish","type":"post","link":"https:\/\/elinfoexpress.com\/index.php\/2026\/04\/28\/cerro-de-la-silla-simbolo-natural-protegido-de-nuevo-leon\/","title":{"rendered":"Cerro de la Silla: s\u00edmbolo natural protegido de Nuevo Le\u00f3n"},"content":{"rendered":"\n<h2 class=\"wp-block-heading\">Un \u00edcono decretado \u00c1rea Natural Protegida<\/h2>\n\n\n\n<p>Un d\u00eda como hoy, el 26 de abril de 1991, el&nbsp;Cerro de la Silla&nbsp;fue declarado \u00c1rea Natural Protegida, consolid\u00e1ndose como uno de los paisajes m\u00e1s representativos del estado y un emblema para los regiomontanos.<\/p>\n\n\n\n<p>Visible desde gran parte del \u00e1rea metropolitana de&nbsp;Monterrey, esta monta\u00f1a destaca por su silueta \u00fanica y su valor hist\u00f3rico y natural.<\/p>\n\n\n\n<h3 class=\"wp-block-heading\">\u00bfC\u00f3mo se form\u00f3 el Cerro de la Silla?<\/h3>\n\n\n\n<p>De acuerdo con el&nbsp;Instituto Nacional de Antropolog\u00eda e Historia, su origen se remonta a millones de a\u00f1os, cuando movimientos tect\u00f3nicos dieron forma a la&nbsp;Sierra Madre Oriental. Con el tiempo, la erosi\u00f3n del viento y el agua molde\u00f3 la estructura rocosa hasta crear las elevaciones actuales.<\/p>\n\n\n\n<p>La composici\u00f3n desigual de sus rocas permiti\u00f3 que algunas zonas resistieran m\u00e1s que otras, dando lugar a la caracter\u00edstica silueta que hoy lo distingue.<\/p>\n\n\n\n<h3 class=\"wp-block-heading\">\u00bfPor qu\u00e9 se llama Cerro de la Silla?<\/h3>\n\n\n\n<p>Se atribuye al explorador&nbsp;Alberto del Canto&nbsp;el nombre de la monta\u00f1a, al compararla con una silla de montar debido a su forma. Desde entonces, el t\u00e9rmino se populariz\u00f3 hasta convertirse en su denominaci\u00f3n oficial.<\/p>\n\n\n\n<h2 class=\"wp-block-heading\">Orgullo e identidad de Nuevo Le\u00f3n<\/h2>\n\n\n\n<p>M\u00e1s all\u00e1 de su origen, el Cerro de la Silla es un s\u00edmbolo de identidad para Nuevo Le\u00f3n. Presente en im\u00e1genes, recuerdos y la vida cotidiana, sigue siendo uno de los principales referentes naturales del estado y un orgullo para sus habitantes.<\/p>\n","protected":false},"excerpt":{"rendered":"<p>Un \u00edcono decretado \u00c1rea Natural Protegida Un d\u00eda como hoy, el 26 de abril de 1991, el&nbsp;Cerro de la Silla&nbsp;fue declarado \u00c1rea Natural Protegida, consolid\u00e1ndose como uno de los paisajes m\u00e1s representativos del estado y un emblema para los regiomontanos. Visible desde gran parte del \u00e1rea metropolitana de&nbsp;Monterrey, esta monta\u00f1a destaca por su silueta \u00fanica [&hellip;]<\/p>\n","protected":false},"author":2,"featured_media":406,"comment_status":"open","ping_status":"open","sticky":false,"template":"","format":"standard","meta":{"footnotes":""},"categories":[4],"tags":[205,27],"yoast_head":"<!-- This site is optimized with the Yoast SEO plugin v22.4 - https:\/\/yoast.com\/wordpress\/plugins\/seo\/ -->\n<title>Cerro de la Silla: s\u00edmbolo natural protegido de Nuevo Le\u00f3n - El Info Express<\/title>\n<meta name=\"description\" content=\"El Cerro de la Silla, s\u00edmbolo de Nuevo Le\u00f3n, fue declarado \u00c1rea Natural Protegida en 1991 y destaca por su historia, formaci\u00f3n y significado cultural.\" \/>\n<meta name=\"robots\" content=\"index, follow, max-snippet:-1, max-image-preview:large, max-video-preview:-1\" \/>\n<link rel=\"canonical\" href=\"https:\/\/elinfoexpress.com\/index.php\/2026\/04\/28\/cerro-de-la-silla-simbolo-natural-protegido-de-nuevo-leon\/\" \/>\n<meta property=\"og:locale\" content=\"en_US\" \/>\n<meta property=\"og:type\" content=\"article\" \/>\n<meta property=\"og:title\" content=\"Cerro de la Silla: s\u00edmbolo natural protegido de Nuevo Le\u00f3n - El Info Express\" \/>\n<meta property=\"og:description\" content=\"El Cerro de la Silla, s\u00edmbolo de Nuevo Le\u00f3n, fue declarado \u00c1rea Natural Protegida en 1991 y destaca por su historia, formaci\u00f3n y significado cultural.\" \/>\n<meta property=\"og:url\" content=\"https:\/\/elinfoexpress.com\/index.php\/2026\/04\/28\/cerro-de-la-silla-simbolo-natural-protegido-de-nuevo-leon\/\" \/>\n<meta property=\"og:site_name\" content=\"El Info Express\" \/>\n<meta property=\"article:published_time\" content=\"2026-04-28T16:26:39+00:00\" \/>\n<meta property=\"og:image\" content=\"http:\/\/elinfoexpress.com\/wp-content\/uploads\/2026\/04\/f768x1-316609_316736_5033.jpg\" \/>\n\t<meta property=\"og:image:width\" content=\"768\" \/>\n\t<meta property=\"og:image:height\" content=\"432\" \/>\n\t<meta property=\"og:image:type\" content=\"image\/jpeg\" \/>\n<meta name=\"author\" content=\"Juan Estrada\" \/>\n<meta name=\"twitter:card\" content=\"summary_large_image\" \/>\n<meta name=\"twitter:label1\" content=\"Written by\" \/>\n\t<meta name=\"twitter:data1\" content=\"Juan Estrada\" \/>\n\t<meta name=\"twitter:label2\" content=\"Est. reading time\" \/>\n\t<meta name=\"twitter:data2\" content=\"2 minutes\" \/>\n<script type=\"application\/ld+json\" class=\"yoast-schema-graph\">{\"@context\":\"https:\/\/schema.org\",\"@graph\":[{\"@type\":\"WebPage\",\"@id\":\"https:\/\/elinfoexpress.com\/index.php\/2026\/04\/28\/cerro-de-la-silla-simbolo-natural-protegido-de-nuevo-leon\/\",\"url\":\"https:\/\/elinfoexpress.com\/index.php\/2026\/04\/28\/cerro-de-la-silla-simbolo-natural-protegido-de-nuevo-leon\/\",\"name\":\"Cerro de la Silla: s\u00edmbolo natural protegido de Nuevo Le\u00f3n - El Info Express\",\"isPartOf\":{\"@id\":\"https:\/\/elinfoexpress.com\/#website\"},\"primaryImageOfPage\":{\"@id\":\"https:\/\/elinfoexpress.com\/index.php\/2026\/04\/28\/cerro-de-la-silla-simbolo-natural-protegido-de-nuevo-leon\/#primaryimage\"},\"image\":{\"@id\":\"https:\/\/elinfoexpress.com\/index.php\/2026\/04\/28\/cerro-de-la-silla-simbolo-natural-protegido-de-nuevo-leon\/#primaryimage\"},\"thumbnailUrl\":\"https:\/\/elinfoexpress.com\/wp-content\/uploads\/2026\/04\/f768x1-316609_316736_5033.jpg\",\"datePublished\":\"2026-04-28T16:26:39+00:00\",\"dateModified\":\"2026-04-28T16:26:39+00:00\",\"author\":{\"@id\":\"https:\/\/elinfoexpress.com\/#\/schema\/person\/ab787d403b608d17b1cecf31810a3c45\"},\"description\":\"El Cerro de la Silla, s\u00edmbolo de Nuevo Le\u00f3n, fue declarado \u00c1rea Natural Protegida en 1991 y destaca por su historia, formaci\u00f3n y significado cultural.\",\"breadcrumb\":{\"@id\":\"https:\/\/elinfoexpress.com\/index.php\/2026\/04\/28\/cerro-de-la-silla-simbolo-natural-protegido-de-nuevo-leon\/#breadcrumb\"},\"inLanguage\":\"en-US\",\"potentialAction\":[{\"@type\":\"ReadAction\",\"target\":[\"https:\/\/elinfoexpress.com\/index.php\/2026\/04\/28\/cerro-de-la-silla-simbolo-natural-protegido-de-nuevo-leon\/\"]}]},{\"@type\":\"ImageObject\",\"inLanguage\":\"en-US\",\"@id\":\"https:\/\/elinfoexpress.com\/index.php\/2026\/04\/28\/cerro-de-la-silla-simbolo-natural-protegido-de-nuevo-leon\/#primaryimage\",\"url\":\"https:\/\/elinfoexpress.com\/wp-content\/uploads\/2026\/04\/f768x1-316609_316736_5033.jpg\",\"contentUrl\":\"https:\/\/elinfoexpress.com\/wp-content\/uploads\/2026\/04\/f768x1-316609_316736_5033.jpg\",\"width\":768,\"height\":432},{\"@type\":\"BreadcrumbList\",\"@id\":\"https:\/\/elinfoexpress.com\/index.php\/2026\/04\/28\/cerro-de-la-silla-simbolo-natural-protegido-de-nuevo-leon\/#breadcrumb\",\"itemListElement\":[{\"@type\":\"ListItem\",\"position\":1,\"name\":\"Portada\",\"item\":\"https:\/\/elinfoexpress.com\/\"},{\"@type\":\"ListItem\",\"position\":2,\"name\":\"Cerro de la Silla: s\u00edmbolo natural protegido de Nuevo Le\u00f3n\"}]},{\"@type\":\"WebSite\",\"@id\":\"https:\/\/elinfoexpress.com\/#website\",\"url\":\"https:\/\/elinfoexpress.com\/\",\"name\":\"El Info Express\",\"description\":\"\",\"potentialAction\":[{\"@type\":\"SearchAction\",\"target\":{\"@type\":\"EntryPoint\",\"urlTemplate\":\"https:\/\/elinfoexpress.com\/?s={search_term_string}\"},\"query-input\":\"required name=search_term_string\"}],\"inLanguage\":\"en-US\"},{\"@type\":\"Person\",\"@id\":\"https:\/\/elinfoexpress.com\/#\/schema\/person\/ab787d403b608d17b1cecf31810a3c45\",\"name\":\"Juan Estrada\",\"image\":{\"@type\":\"ImageObject\",\"inLanguage\":\"en-US\",\"@id\":\"https:\/\/elinfoexpress.com\/#\/schema\/person\/image\/\",\"url\":\"https:\/\/secure.gravatar.com\/avatar\/73ee25d1950ab30b86c64ff2e8457250?s=96&d=mm&r=g\",\"contentUrl\":\"https:\/\/secure.gravatar.com\/avatar\/73ee25d1950ab30b86c64ff2e8457250?s=96&d=mm&r=g\",\"caption\":\"Juan Estrada\"},\"sameAs\":[\"https:\/\/elinfoexpress.com\"],\"url\":\"https:\/\/elinfoexpress.com\/index.php\/author\/juan-estrada\/\"}]}<\/script>\n<!-- \/ Yoast SEO plugin. -->","yoast_head_json":{"title":"Cerro de la Silla: s\u00edmbolo natural protegido de Nuevo Le\u00f3n - El Info Express","description":"El Cerro de la Silla, s\u00edmbolo de Nuevo Le\u00f3n, fue declarado \u00c1rea Natural Protegida en 1991 y destaca por su historia, formaci\u00f3n y significado cultural.","robots":{"index":"index","follow":"follow","max-snippet":"max-snippet:-1","max-image-preview":"max-image-preview:large","max-video-preview":"max-video-preview:-1"},"canonical":"https:\/\/elinfoexpress.com\/index.php\/2026\/04\/28\/cerro-de-la-silla-simbolo-natural-protegido-de-nuevo-leon\/","og_locale":"en_US","og_type":"article","og_title":"Cerro de la Silla: s\u00edmbolo natural protegido de Nuevo Le\u00f3n - El Info Express","og_description":"El Cerro de la Silla, s\u00edmbolo de Nuevo Le\u00f3n, fue declarado \u00c1rea Natural Protegida en 1991 y destaca por su historia, formaci\u00f3n y significado cultural.","og_url":"https:\/\/elinfoexpress.com\/index.php\/2026\/04\/28\/cerro-de-la-silla-simbolo-natural-protegido-de-nuevo-leon\/","og_site_name":"El Info Express","article_published_time":"2026-04-28T16:26:39+00:00","og_image":[{"width":768,"height":432,"url":"http:\/\/elinfoexpress.com\/wp-content\/uploads\/2026\/04\/f768x1-316609_316736_5033.jpg","type":"image\/jpeg"}],"author":"Juan Estrada","twitter_card":"summary_large_image","twitter_misc":{"Written by":"Juan Estrada","Est. reading time":"2 minutes"},"schema":{"@context":"https:\/\/schema.org","@graph":[{"@type":"WebPage","@id":"https:\/\/elinfoexpress.com\/index.php\/2026\/04\/28\/cerro-de-la-silla-simbolo-natural-protegido-de-nuevo-leon\/","url":"https:\/\/elinfoexpress.com\/index.php\/2026\/04\/28\/cerro-de-la-silla-simbolo-natural-protegido-de-nuevo-leon\/","name":"Cerro de la Silla: s\u00edmbolo natural protegido de Nuevo Le\u00f3n - El Info Express","isPartOf":{"@id":"https:\/\/elinfoexpress.com\/#website"},"primaryImageOfPage":{"@id":"https:\/\/elinfoexpress.com\/index.php\/2026\/04\/28\/cerro-de-la-silla-simbolo-natural-protegido-de-nuevo-leon\/#primaryimage"},"image":{"@id":"https:\/\/elinfoexpress.com\/index.php\/2026\/04\/28\/cerro-de-la-silla-simbolo-natural-protegido-de-nuevo-leon\/#primaryimage"},"thumbnailUrl":"https:\/\/elinfoexpress.com\/wp-content\/uploads\/2026\/04\/f768x1-316609_316736_5033.jpg","datePublished":"2026-04-28T16:26:39+00:00","dateModified":"2026-04-28T16:26:39+00:00","author":{"@id":"https:\/\/elinfoexpress.com\/#\/schema\/person\/ab787d403b608d17b1cecf31810a3c45"},"description":"El Cerro de la Silla, s\u00edmbolo de Nuevo Le\u00f3n, fue declarado \u00c1rea Natural Protegida en 1991 y destaca por su historia, formaci\u00f3n y significado cultural.","breadcrumb":{"@id":"https:\/\/elinfoexpress.com\/index.php\/2026\/04\/28\/cerro-de-la-silla-simbolo-natural-protegido-de-nuevo-leon\/#breadcrumb"},"inLanguage":"en-US","potentialAction":[{"@type":"ReadAction","target":["https:\/\/elinfoexpress.com\/index.php\/2026\/04\/28\/cerro-de-la-silla-simbolo-natural-protegido-de-nuevo-leon\/"]}]},{"@type":"ImageObject","inLanguage":"en-US","@id":"https:\/\/elinfoexpress.com\/index.php\/2026\/04\/28\/cerro-de-la-silla-simbolo-natural-protegido-de-nuevo-leon\/#primaryimage","url":"https:\/\/elinfoexpress.com\/wp-content\/uploads\/2026\/04\/f768x1-316609_316736_5033.jpg","contentUrl":"https:\/\/elinfoexpress.com\/wp-content\/uploads\/2026\/04\/f768x1-316609_316736_5033.jpg","width":768,"height":432},{"@type":"BreadcrumbList","@id":"https:\/\/elinfoexpress.com\/index.php\/2026\/04\/28\/cerro-de-la-silla-simbolo-natural-protegido-de-nuevo-leon\/#breadcrumb","itemListElement":[{"@type":"ListItem","position":1,"name":"Portada","item":"https:\/\/elinfoexpress.com\/"},{"@type":"ListItem","position":2,"name":"Cerro de la Silla: s\u00edmbolo natural protegido de Nuevo Le\u00f3n"}]},{"@type":"WebSite","@id":"https:\/\/elinfoexpress.com\/#website","url":"https:\/\/elinfoexpress.com\/","name":"El Info Express","description":"","potentialAction":[{"@type":"SearchAction","target":{"@type":"EntryPoint","urlTemplate":"https:\/\/elinfoexpress.com\/?s={search_term_string}"},"query-input":"required name=search_term_string"}],"inLanguage":"en-US"},{"@type":"Person","@id":"https:\/\/elinfoexpress.com\/#\/schema\/person\/ab787d403b608d17b1cecf31810a3c45","name":"Juan Estrada","image":{"@type":"ImageObject","inLanguage":"en-US","@id":"https:\/\/elinfoexpress.com\/#\/schema\/person\/image\/","url":"https:\/\/secure.gravatar.com\/avatar\/73ee25d1950ab30b86c64ff2e8457250?s=96&d=mm&r=g","contentUrl":"https:\/\/secure.gravatar.com\/avatar\/73ee25d1950ab30b86c64ff2e8457250?s=96&d=mm&r=g","caption":"Juan Estrada"},"sameAs":["https:\/\/elinfoexpress.com"],"url":"https:\/\/elinfoexpress.com\/index.php\/author\/juan-estrada\/"}]}},"_links":{"self":[{"href":"https:\/\/elinfoexpress.com\/index.php\/wp-json\/wp\/v2\/posts\/405"}],"collection":[{"href":"https:\/\/elinfoexpress.com\/index.php\/wp-json\/wp\/v2\/posts"}],"about":[{"href":"https:\/\/elinfoexpress.com\/index.php\/wp-json\/wp\/v2\/types\/post"}],"author":[{"embeddable":true,"href":"https:\/\/elinfoexpress.com\/index.php\/wp-json\/wp\/v2\/users\/2"}],"replies":[{"embeddable":true,"href":"https:\/\/elinfoexpress.com\/index.php\/wp-json\/wp\/v2\/comments?post=405"}],"version-history":[{"count":1,"href":"https:\/\/elinfoexpress.com\/index.php\/wp-json\/wp\/v2\/posts\/405\/revisions"}],"predecessor-version":[{"id":407,"href":"https:\/\/elinfoexpress.com\/index.php\/wp-json\/wp\/v2\/posts\/405\/revisions\/407"}],"wp:featuredmedia":[{"embeddable":true,"href":"https:\/\/elinfoexpress.com\/index.php\/wp-json\/wp\/v2\/media\/406"}],"wp:attachment":[{"href":"https:\/\/elinfoexpress.com\/index.php\/wp-json\/wp\/v2\/media?parent=405"}],"wp:term":[{"taxonomy":"category","embeddable":true,"href":"https:\/\/elinfoexpress.com\/index.php\/wp-json\/wp\/v2\/categories?post=405"},{"taxonomy":"post_tag","embeddable":true,"href":"https:\/\/elinfoexpress.com\/index.php\/wp-json\/wp\/v2\/tags?post=405"}],"curies":[{"name":"wp","href":"https:\/\/api.w.org\/{rel}","templated":true}]}}