{"id":409,"date":"2026-04-28T21:06:08","date_gmt":"2026-04-28T19:06:08","guid":{"rendered":"https:\/\/elinfoexpress.com\/?p=409"},"modified":"2026-04-28T21:08:49","modified_gmt":"2026-04-28T19:08:49","slug":"inah-registra-antigua-ciudad-maya-con-arquitectura-monumental-en-quintana-roo","status":"publish","type":"post","link":"https:\/\/elinfoexpress.com\/index.php\/2026\/04\/28\/inah-registra-antigua-ciudad-maya-con-arquitectura-monumental-en-quintana-roo\/","title":{"rendered":"INAH registra antigua ciudad maya con arquitectura monumental en Quintana Roo"},"content":{"rendered":"\n<p>El Instituto Nacional de Antropolog\u00eda e Historia dio a conocer el hallazgo de un asentamiento prehisp\u00e1nico denominado \u201cEl Jefeci\u00f1o\u201d, ubicado en el municipio de Oth\u00f3n P. Blanco, en Quintana Roo.<\/p>\n\n\n\n<h2 class=\"wp-block-heading\">El sitio cuenta con decenas de estructuras<\/h2>\n\n\n\n<p>De acuerdo con el INAH, el sitio alberga al menos 80 edificios distribuidos en una superficie preliminar de 100 hect\u00e1reas.<\/p>\n\n\n\n<p>El descubrimiento se realiz\u00f3 durante trabajos del Proyecto de Salvamento Arqueol\u00f3gico del Tren Maya, con apoyo de habitantes de la regi\u00f3n.<\/p>\n\n\n\n<h3 class=\"wp-block-heading\">Identifican arquitectura del periodo Cl\u00e1sico maya<\/h3>\n\n\n\n<p>Especialistas se\u00f1alaron que los vestigios podr\u00edan corresponder al periodo Cl\u00e1sico Temprano\/Tard\u00edo, entre los a\u00f1os 250 y 900 d.C.<\/p>\n\n\n\n<p>Las estructuras presentan caracter\u00edsticas del estilo Pet\u00e9n, como grandes dimensiones, esquinas redondeadas y molduras distintivas.<\/p>\n\n\n\n<h3 class=\"wp-block-heading\">Detectan pintura mural y restos arqueol\u00f3gicos<\/h3>\n\n\n\n<p>En el sitio tambi\u00e9n se encontraron restos de estuco con pintura mural decorativa, fragmentos de una posible osamenta humana y b\u00f3vedas mayas en buen estado.<\/p>\n\n\n\n<p>Adem\u00e1s, los investigadores identificaron varias etapas constructivas dentro de los edificios.<\/p>\n\n\n\n<h2 class=\"wp-block-heading\">Buscan ampliar el estudio del asentamiento<\/h2>\n\n\n\n<p>El INAH indic\u00f3 que ser\u00e1 necesario realizar exploraciones m\u00e1s profundas para determinar la extensi\u00f3n total del sitio y su organizaci\u00f3n.<\/p>\n\n\n\n<p>El estudio de \u201cEl Jefeci\u00f1o\u201d permitir\u00e1 comprender mejor la red de ciudades mayas en el sur de Quintana Roo.<\/p>\n","protected":false},"excerpt":{"rendered":"<p>El Instituto Nacional de Antropolog\u00eda e Historia dio a conocer el hallazgo de un asentamiento prehisp\u00e1nico denominado \u201cEl Jefeci\u00f1o\u201d, ubicado en el municipio de Oth\u00f3n P. Blanco, en Quintana Roo. El sitio cuenta con decenas de estructuras De acuerdo con el INAH, el sitio alberga al menos 80 edificios distribuidos en una superficie preliminar de [&hellip;]<\/p>\n","protected":false},"author":2,"featured_media":413,"comment_status":"open","ping_status":"open","sticky":false,"template":"","format":"standard","meta":{"footnotes":""},"categories":[5],"tags":[206,207],"yoast_head":"<!-- This site is optimized with the Yoast SEO plugin v22.4 - https:\/\/yoast.com\/wordpress\/plugins\/seo\/ -->\n<title>INAH registra antigua ciudad maya con arquitectura monumental en Quintana Roo - El Info Express<\/title>\n<meta name=\"description\" content=\"El INAH registr\u00f3 El Jefeci\u00f1o, una ciudad maya en Quintana Roo con m\u00e1s de 80 estructuras y arquitectura monumental.\" \/>\n<meta name=\"robots\" content=\"index, follow, max-snippet:-1, max-image-preview:large, max-video-preview:-1\" \/>\n<link rel=\"canonical\" href=\"https:\/\/elinfoexpress.com\/index.php\/2026\/04\/28\/inah-registra-antigua-ciudad-maya-con-arquitectura-monumental-en-quintana-roo\/\" \/>\n<meta property=\"og:locale\" content=\"en_US\" \/>\n<meta property=\"og:type\" content=\"article\" \/>\n<meta property=\"og:title\" content=\"INAH registra antigua ciudad maya con arquitectura monumental en Quintana Roo - El Info Express\" \/>\n<meta property=\"og:description\" content=\"El INAH registr\u00f3 El Jefeci\u00f1o, una ciudad maya en Quintana Roo con m\u00e1s de 80 estructuras y arquitectura monumental.\" \/>\n<meta property=\"og:url\" content=\"https:\/\/elinfoexpress.com\/index.php\/2026\/04\/28\/inah-registra-antigua-ciudad-maya-con-arquitectura-monumental-en-quintana-roo\/\" \/>\n<meta property=\"og:site_name\" content=\"El Info Express\" \/>\n<meta property=\"article:published_time\" content=\"2026-04-28T19:06:08+00:00\" \/>\n<meta property=\"article:modified_time\" content=\"2026-04-28T19:08:49+00:00\" \/>\n<meta property=\"og:image\" content=\"http:\/\/elinfoexpress.com\/wp-content\/uploads\/2026\/04\/682825655_1277533321219994_7953453935836869789_n-1024x768-1.jpg\" \/>\n\t<meta property=\"og:image:width\" content=\"1024\" \/>\n\t<meta property=\"og:image:height\" content=\"768\" \/>\n\t<meta property=\"og:image:type\" content=\"image\/jpeg\" \/>\n<meta name=\"author\" content=\"Juan Estrada\" \/>\n<meta name=\"twitter:card\" content=\"summary_large_image\" \/>\n<meta name=\"twitter:label1\" content=\"Written by\" \/>\n\t<meta name=\"twitter:data1\" content=\"Juan Estrada\" \/>\n\t<meta name=\"twitter:label2\" content=\"Est. reading time\" \/>\n\t<meta name=\"twitter:data2\" content=\"2 minutes\" \/>\n<script type=\"application\/ld+json\" class=\"yoast-schema-graph\">{\"@context\":\"https:\/\/schema.org\",\"@graph\":[{\"@type\":\"WebPage\",\"@id\":\"https:\/\/elinfoexpress.com\/index.php\/2026\/04\/28\/inah-registra-antigua-ciudad-maya-con-arquitectura-monumental-en-quintana-roo\/\",\"url\":\"https:\/\/elinfoexpress.com\/index.php\/2026\/04\/28\/inah-registra-antigua-ciudad-maya-con-arquitectura-monumental-en-quintana-roo\/\",\"name\":\"INAH registra antigua ciudad maya con arquitectura monumental en Quintana Roo - El Info Express\",\"isPartOf\":{\"@id\":\"https:\/\/elinfoexpress.com\/#website\"},\"primaryImageOfPage\":{\"@id\":\"https:\/\/elinfoexpress.com\/index.php\/2026\/04\/28\/inah-registra-antigua-ciudad-maya-con-arquitectura-monumental-en-quintana-roo\/#primaryimage\"},\"image\":{\"@id\":\"https:\/\/elinfoexpress.com\/index.php\/2026\/04\/28\/inah-registra-antigua-ciudad-maya-con-arquitectura-monumental-en-quintana-roo\/#primaryimage\"},\"thumbnailUrl\":\"https:\/\/elinfoexpress.com\/wp-content\/uploads\/2026\/04\/682825655_1277533321219994_7953453935836869789_n-1024x768-1.jpg\",\"datePublished\":\"2026-04-28T19:06:08+00:00\",\"dateModified\":\"2026-04-28T19:08:49+00:00\",\"author\":{\"@id\":\"https:\/\/elinfoexpress.com\/#\/schema\/person\/ab787d403b608d17b1cecf31810a3c45\"},\"description\":\"El INAH registr\u00f3 El Jefeci\u00f1o, una ciudad maya en Quintana Roo con m\u00e1s de 80 estructuras y arquitectura monumental.\",\"breadcrumb\":{\"@id\":\"https:\/\/elinfoexpress.com\/index.php\/2026\/04\/28\/inah-registra-antigua-ciudad-maya-con-arquitectura-monumental-en-quintana-roo\/#breadcrumb\"},\"inLanguage\":\"en-US\",\"potentialAction\":[{\"@type\":\"ReadAction\",\"target\":[\"https:\/\/elinfoexpress.com\/index.php\/2026\/04\/28\/inah-registra-antigua-ciudad-maya-con-arquitectura-monumental-en-quintana-roo\/\"]}]},{\"@type\":\"ImageObject\",\"inLanguage\":\"en-US\",\"@id\":\"https:\/\/elinfoexpress.com\/index.php\/2026\/04\/28\/inah-registra-antigua-ciudad-maya-con-arquitectura-monumental-en-quintana-roo\/#primaryimage\",\"url\":\"https:\/\/elinfoexpress.com\/wp-content\/uploads\/2026\/04\/682825655_1277533321219994_7953453935836869789_n-1024x768-1.jpg\",\"contentUrl\":\"https:\/\/elinfoexpress.com\/wp-content\/uploads\/2026\/04\/682825655_1277533321219994_7953453935836869789_n-1024x768-1.jpg\",\"width\":1024,\"height\":768},{\"@type\":\"BreadcrumbList\",\"@id\":\"https:\/\/elinfoexpress.com\/index.php\/2026\/04\/28\/inah-registra-antigua-ciudad-maya-con-arquitectura-monumental-en-quintana-roo\/#breadcrumb\",\"itemListElement\":[{\"@type\":\"ListItem\",\"position\":1,\"name\":\"Portada\",\"item\":\"https:\/\/elinfoexpress.com\/\"},{\"@type\":\"ListItem\",\"position\":2,\"name\":\"INAH registra antigua ciudad maya con arquitectura monumental en Quintana Roo\"}]},{\"@type\":\"WebSite\",\"@id\":\"https:\/\/elinfoexpress.com\/#website\",\"url\":\"https:\/\/elinfoexpress.com\/\",\"name\":\"El Info Express\",\"description\":\"\",\"potentialAction\":[{\"@type\":\"SearchAction\",\"target\":{\"@type\":\"EntryPoint\",\"urlTemplate\":\"https:\/\/elinfoexpress.com\/?s={search_term_string}\"},\"query-input\":\"required name=search_term_string\"}],\"inLanguage\":\"en-US\"},{\"@type\":\"Person\",\"@id\":\"https:\/\/elinfoexpress.com\/#\/schema\/person\/ab787d403b608d17b1cecf31810a3c45\",\"name\":\"Juan Estrada\",\"image\":{\"@type\":\"ImageObject\",\"inLanguage\":\"en-US\",\"@id\":\"https:\/\/elinfoexpress.com\/#\/schema\/person\/image\/\",\"url\":\"https:\/\/secure.gravatar.com\/avatar\/73ee25d1950ab30b86c64ff2e8457250?s=96&d=mm&r=g\",\"contentUrl\":\"https:\/\/secure.gravatar.com\/avatar\/73ee25d1950ab30b86c64ff2e8457250?s=96&d=mm&r=g\",\"caption\":\"Juan Estrada\"},\"sameAs\":[\"https:\/\/elinfoexpress.com\"],\"url\":\"https:\/\/elinfoexpress.com\/index.php\/author\/juan-estrada\/\"}]}<\/script>\n<!-- \/ Yoast SEO plugin. -->","yoast_head_json":{"title":"INAH registra antigua ciudad maya con arquitectura monumental en Quintana Roo - El Info Express","description":"El INAH registr\u00f3 El Jefeci\u00f1o, una ciudad maya en Quintana Roo con m\u00e1s de 80 estructuras y arquitectura monumental.","robots":{"index":"index","follow":"follow","max-snippet":"max-snippet:-1","max-image-preview":"max-image-preview:large","max-video-preview":"max-video-preview:-1"},"canonical":"https:\/\/elinfoexpress.com\/index.php\/2026\/04\/28\/inah-registra-antigua-ciudad-maya-con-arquitectura-monumental-en-quintana-roo\/","og_locale":"en_US","og_type":"article","og_title":"INAH registra antigua ciudad maya con arquitectura monumental en Quintana Roo - El Info Express","og_description":"El INAH registr\u00f3 El Jefeci\u00f1o, una ciudad maya en Quintana Roo con m\u00e1s de 80 estructuras y arquitectura monumental.","og_url":"https:\/\/elinfoexpress.com\/index.php\/2026\/04\/28\/inah-registra-antigua-ciudad-maya-con-arquitectura-monumental-en-quintana-roo\/","og_site_name":"El Info Express","article_published_time":"2026-04-28T19:06:08+00:00","article_modified_time":"2026-04-28T19:08:49+00:00","og_image":[{"width":1024,"height":768,"url":"http:\/\/elinfoexpress.com\/wp-content\/uploads\/2026\/04\/682825655_1277533321219994_7953453935836869789_n-1024x768-1.jpg","type":"image\/jpeg"}],"author":"Juan Estrada","twitter_card":"summary_large_image","twitter_misc":{"Written by":"Juan Estrada","Est. reading time":"2 minutes"},"schema":{"@context":"https:\/\/schema.org","@graph":[{"@type":"WebPage","@id":"https:\/\/elinfoexpress.com\/index.php\/2026\/04\/28\/inah-registra-antigua-ciudad-maya-con-arquitectura-monumental-en-quintana-roo\/","url":"https:\/\/elinfoexpress.com\/index.php\/2026\/04\/28\/inah-registra-antigua-ciudad-maya-con-arquitectura-monumental-en-quintana-roo\/","name":"INAH registra antigua ciudad maya con arquitectura monumental en Quintana Roo - El Info Express","isPartOf":{"@id":"https:\/\/elinfoexpress.com\/#website"},"primaryImageOfPage":{"@id":"https:\/\/elinfoexpress.com\/index.php\/2026\/04\/28\/inah-registra-antigua-ciudad-maya-con-arquitectura-monumental-en-quintana-roo\/#primaryimage"},"image":{"@id":"https:\/\/elinfoexpress.com\/index.php\/2026\/04\/28\/inah-registra-antigua-ciudad-maya-con-arquitectura-monumental-en-quintana-roo\/#primaryimage"},"thumbnailUrl":"https:\/\/elinfoexpress.com\/wp-content\/uploads\/2026\/04\/682825655_1277533321219994_7953453935836869789_n-1024x768-1.jpg","datePublished":"2026-04-28T19:06:08+00:00","dateModified":"2026-04-28T19:08:49+00:00","author":{"@id":"https:\/\/elinfoexpress.com\/#\/schema\/person\/ab787d403b608d17b1cecf31810a3c45"},"description":"El INAH registr\u00f3 El Jefeci\u00f1o, una ciudad maya en Quintana Roo con m\u00e1s de 80 estructuras y arquitectura monumental.","breadcrumb":{"@id":"https:\/\/elinfoexpress.com\/index.php\/2026\/04\/28\/inah-registra-antigua-ciudad-maya-con-arquitectura-monumental-en-quintana-roo\/#breadcrumb"},"inLanguage":"en-US","potentialAction":[{"@type":"ReadAction","target":["https:\/\/elinfoexpress.com\/index.php\/2026\/04\/28\/inah-registra-antigua-ciudad-maya-con-arquitectura-monumental-en-quintana-roo\/"]}]},{"@type":"ImageObject","inLanguage":"en-US","@id":"https:\/\/elinfoexpress.com\/index.php\/2026\/04\/28\/inah-registra-antigua-ciudad-maya-con-arquitectura-monumental-en-quintana-roo\/#primaryimage","url":"https:\/\/elinfoexpress.com\/wp-content\/uploads\/2026\/04\/682825655_1277533321219994_7953453935836869789_n-1024x768-1.jpg","contentUrl":"https:\/\/elinfoexpress.com\/wp-content\/uploads\/2026\/04\/682825655_1277533321219994_7953453935836869789_n-1024x768-1.jpg","width":1024,"height":768},{"@type":"BreadcrumbList","@id":"https:\/\/elinfoexpress.com\/index.php\/2026\/04\/28\/inah-registra-antigua-ciudad-maya-con-arquitectura-monumental-en-quintana-roo\/#breadcrumb","itemListElement":[{"@type":"ListItem","position":1,"name":"Portada","item":"https:\/\/elinfoexpress.com\/"},{"@type":"ListItem","position":2,"name":"INAH registra antigua ciudad maya con arquitectura monumental en Quintana Roo"}]},{"@type":"WebSite","@id":"https:\/\/elinfoexpress.com\/#website","url":"https:\/\/elinfoexpress.com\/","name":"El Info Express","description":"","potentialAction":[{"@type":"SearchAction","target":{"@type":"EntryPoint","urlTemplate":"https:\/\/elinfoexpress.com\/?s={search_term_string}"},"query-input":"required name=search_term_string"}],"inLanguage":"en-US"},{"@type":"Person","@id":"https:\/\/elinfoexpress.com\/#\/schema\/person\/ab787d403b608d17b1cecf31810a3c45","name":"Juan Estrada","image":{"@type":"ImageObject","inLanguage":"en-US","@id":"https:\/\/elinfoexpress.com\/#\/schema\/person\/image\/","url":"https:\/\/secure.gravatar.com\/avatar\/73ee25d1950ab30b86c64ff2e8457250?s=96&d=mm&r=g","contentUrl":"https:\/\/secure.gravatar.com\/avatar\/73ee25d1950ab30b86c64ff2e8457250?s=96&d=mm&r=g","caption":"Juan Estrada"},"sameAs":["https:\/\/elinfoexpress.com"],"url":"https:\/\/elinfoexpress.com\/index.php\/author\/juan-estrada\/"}]}},"_links":{"self":[{"href":"https:\/\/elinfoexpress.com\/index.php\/wp-json\/wp\/v2\/posts\/409"}],"collection":[{"href":"https:\/\/elinfoexpress.com\/index.php\/wp-json\/wp\/v2\/posts"}],"about":[{"href":"https:\/\/elinfoexpress.com\/index.php\/wp-json\/wp\/v2\/types\/post"}],"author":[{"embeddable":true,"href":"https:\/\/elinfoexpress.com\/index.php\/wp-json\/wp\/v2\/users\/2"}],"replies":[{"embeddable":true,"href":"https:\/\/elinfoexpress.com\/index.php\/wp-json\/wp\/v2\/comments?post=409"}],"version-history":[{"count":1,"href":"https:\/\/elinfoexpress.com\/index.php\/wp-json\/wp\/v2\/posts\/409\/revisions"}],"predecessor-version":[{"id":411,"href":"https:\/\/elinfoexpress.com\/index.php\/wp-json\/wp\/v2\/posts\/409\/revisions\/411"}],"wp:featuredmedia":[{"embeddable":true,"href":"https:\/\/elinfoexpress.com\/index.php\/wp-json\/wp\/v2\/media\/413"}],"wp:attachment":[{"href":"https:\/\/elinfoexpress.com\/index.php\/wp-json\/wp\/v2\/media?parent=409"}],"wp:term":[{"taxonomy":"category","embeddable":true,"href":"https:\/\/elinfoexpress.com\/index.php\/wp-json\/wp\/v2\/categories?post=409"},{"taxonomy":"post_tag","embeddable":true,"href":"https:\/\/elinfoexpress.com\/index.php\/wp-json\/wp\/v2\/tags?post=409"}],"curies":[{"name":"wp","href":"https:\/\/api.w.org\/{rel}","templated":true}]}}